{"id":390,"date":"2015-10-01T09:12:50","date_gmt":"2015-10-01T09:12:50","guid":{"rendered":"http:\/\/www.karengrothe.dk\/?p=390"},"modified":"2015-10-01T09:19:44","modified_gmt":"2015-10-01T09:19:44","slug":"hoestmarked-i-ribe","status":"publish","type":"post","link":"https:\/\/www.karengrothe.dk\/?p=390","title":{"rendered":"H\u00f8stmarked i Ribe"},"content":{"rendered":"<p>Efter\u00e5r, h\u00f8st, 1. oktober &#8211; og sagt med en klich\u00e9: Tiden flyver. Men den &#8211; tiden &#8211; bliver udnyttet. P\u00e5 l\u00f8rdag og s\u00f8ndag holder Ribe h\u00f8stmarked og mange kunsth\u00e5ndv\u00e6rkere er aktive i hele byen.<\/p>\n<p>I den gamle Toldbod ved siden af Quedens G\u00e5rd st\u00e5r jeg sammen med Henriette Guld fra Havervadg\u00e5rd. Vi tilbyder garn\u00a0og strik i f\u00e5renes egne farver, plantefarvet garn, pileflettede kurve og signerede eksemplarer af serien Heksens B\u00f8rn: Den Fremmede, Stormfloden og Krigen. Og det bliver godt vejr &#8211; h\u00f8stmarkedvejr. \ud83d\ude42 Kig forbi!<\/p>\n<p><a href=\"http:\/\/www.karengrothe.dk\/wp-content\/uploads\/2015\/04\/3-b\u00f8ger-i-vifte.png\"><img loading=\"lazy\" decoding=\"async\" class=\"aligncenter wp-image-326 size-full\" src=\"http:\/\/www.karengrothe.dk\/wp-content\/uploads\/2015\/04\/3-b\u00f8ger-i-vifte.png\" alt=\"3 b\u00f8ger i vifte\" width=\"823\" height=\"444\" srcset=\"https:\/\/www.karengrothe.dk\/wp-content\/uploads\/2015\/04\/3-b\u00f8ger-i-vifte.png 823w, https:\/\/www.karengrothe.dk\/wp-content\/uploads\/2015\/04\/3-b\u00f8ger-i-vifte-300x162.png 300w, https:\/\/www.karengrothe.dk\/wp-content\/uploads\/2015\/04\/3-b\u00f8ger-i-vifte-500x270.png 500w\" sizes=\"auto, (max-width: 823px) 100vw, 823px\" \/><\/a><\/p>\n<p><a href=\"http:\/\/www.karengrothe.dk\/wp-content\/uploads\/2014\/03\/Stormfloden-forside.jpg\">\u00a0<\/a><\/p>\n","protected":false},"excerpt":{"rendered":"<p>Efter\u00e5r, h\u00f8st, 1. oktober &#8211; og sagt med en klich\u00e9: Tiden flyver. Men den &#8211; tiden &#8211; bliver udnyttet. P\u00e5 l\u00f8rdag og s\u00f8ndag holder Ribe h\u00f8stmarked og mange kunsth\u00e5ndv\u00e6rkere er aktive i hele byen. I den gamle Toldbod ved siden af Quedens G\u00e5rd st\u00e5r jeg sammen med Henriette Guld fra <span class=\"excerpt-dots\">&hellip;<\/span> <a class=\"more-link\" href=\"https:\/\/www.karengrothe.dk\/?p=390\"><span class=\"more-msg\">L\u00e6s resten &rarr;<\/span><\/a><\/p>\n","protected":false},"author":2,"featured_media":0,"comment_status":"open","ping_status":"open","sticky":false,"template":"","format":"standard","meta":{"footnotes":""},"categories":[3],"tags":[],"class_list":["post-390","post","type-post","status-publish","format-standard","hentry","category-nyheder"],"aioseo_notices":[],"aioseo_head":"\n\t\t<!-- All in One SEO 5.0.1.1 - aioseo.com -->\n\t<meta name=\"description\" content=\"Efter\u00e5r, h\u00f8st, 1. oktober - og sagt med en klich\u00e9: Tiden flyver. Men den - tiden - bliver udnyttet. P\u00e5 l\u00f8rdag og s\u00f8ndag holder Ribe h\u00f8stmarked og mange kunsth\u00e5ndv\u00e6rkere er aktive i hele byen. I den gamle Toldbod ved siden af Quedens G\u00e5rd st\u00e5r jeg sammen med Henriette Guld fra Havervadg\u00e5rd. Vi tilbyder garn og strik\" \/>\n\t<meta name=\"robots\" content=\"max-image-preview:large\" \/>\n\t<meta name=\"author\" content=\"Karen M\u00f8ller Grothe\"\/>\n\t<link rel=\"canonical\" href=\"https:\/\/www.karengrothe.dk\/?p=390\" \/>\n\t<meta name=\"generator\" content=\"All in One SEO (AIOSEO) 5.0.1.1\" \/>\n\t\t<meta property=\"og:locale\" content=\"da_DK\" \/>\n\t\t<meta property=\"og:site_name\" content=\"Karen M\u00f8ller Grothe - karengrothe.dk | - forfatter og forlag\" \/>\n\t\t<meta property=\"og:type\" content=\"article\" \/>\n\t\t<meta property=\"og:title\" content=\"H\u00f8stmarked i Ribe | Karen M\u00f8ller Grothe - karengrothe.dk\" \/>\n\t\t<meta property=\"og:description\" content=\"Efter\u00e5r, h\u00f8st, 1. oktober - og sagt med en klich\u00e9: Tiden flyver. Men den - tiden - bliver udnyttet. P\u00e5 l\u00f8rdag og s\u00f8ndag holder Ribe h\u00f8stmarked og mange kunsth\u00e5ndv\u00e6rkere er aktive i hele byen. I den gamle Toldbod ved siden af Quedens G\u00e5rd st\u00e5r jeg sammen med Henriette Guld fra Havervadg\u00e5rd. Vi tilbyder garn og strik\" \/>\n\t\t<meta property=\"og:url\" content=\"https:\/\/www.karengrothe.dk\/?p=390\" \/>\n\t\t<meta property=\"og:image\" content=\"https:\/\/www.karengrothe.dk\/wp-content\/uploads\/2017\/09\/karengrothe-lille-hvid.png\" \/>\n\t\t<meta property=\"og:image:secure_url\" content=\"https:\/\/www.karengrothe.dk\/wp-content\/uploads\/2017\/09\/karengrothe-lille-hvid.png\" \/>\n\t\t<meta property=\"article:published_time\" content=\"2015-10-01T09:12:50+00:00\" \/>\n\t\t<meta property=\"article:modified_time\" content=\"2015-10-01T09:19:44+00:00\" \/>\n\t\t<meta name=\"twitter:card\" content=\"summary\" \/>\n\t\t<meta name=\"twitter:title\" content=\"H\u00f8stmarked i Ribe | Karen M\u00f8ller Grothe - karengrothe.dk\" \/>\n\t\t<meta name=\"twitter:description\" content=\"Efter\u00e5r, h\u00f8st, 1. oktober - og sagt med en klich\u00e9: Tiden flyver. Men den - tiden - bliver udnyttet. P\u00e5 l\u00f8rdag og s\u00f8ndag holder Ribe h\u00f8stmarked og mange kunsth\u00e5ndv\u00e6rkere er aktive i hele byen. I den gamle Toldbod ved siden af Quedens G\u00e5rd st\u00e5r jeg sammen med Henriette Guld fra Havervadg\u00e5rd. Vi tilbyder garn og strik\" \/>\n\t\t<meta name=\"twitter:image\" content=\"https:\/\/www.karengrothe.dk\/wp-content\/uploads\/2017\/09\/karengrothe-lille-hvid.png\" \/>\n\t\t<script type=\"application\/ld+json\" class=\"aioseo-schema\">\n\t\t\t{\"@context\":\"https:\\\/\\\/schema.org\",\"@graph\":[{\"@type\":\"Article\",\"@id\":\"https:\\\/\\\/www.karengrothe.dk\\\/?p=390#article\",\"name\":\"H\\u00f8stmarked i Ribe | Karen M\\u00f8ller Grothe - karengrothe.dk\",\"headline\":\"H\\u00f8stmarked i Ribe\",\"author\":{\"@id\":\"https:\\\/\\\/www.karengrothe.dk\\\/?author=2#author\"},\"publisher\":{\"@id\":\"https:\\\/\\\/www.karengrothe.dk\\\/#organization\"},\"image\":{\"@type\":\"ImageObject\",\"url\":\"https:\\\/\\\/www.karengrothe.dk\\\/wp-content\\\/uploads\\\/2015\\\/04\\\/3-b\\u00f8ger-i-vifte.png\",\"@id\":\"https:\\\/\\\/www.karengrothe.dk\\\/?p=390\\\/#articleImage\",\"width\":823,\"height\":444},\"datePublished\":\"2015-10-01T09:12:50+00:00\",\"dateModified\":\"2015-10-01T09:19:44+00:00\",\"inLanguage\":\"da-DK\",\"mainEntityOfPage\":{\"@id\":\"https:\\\/\\\/www.karengrothe.dk\\\/?p=390#webpage\"},\"isPartOf\":{\"@id\":\"https:\\\/\\\/www.karengrothe.dk\\\/?p=390#webpage\"},\"articleSection\":\"nyheder\"},{\"@type\":\"BreadcrumbList\",\"@id\":\"https:\\\/\\\/www.karengrothe.dk\\\/?p=390#breadcrumblist\",\"itemListElement\":[{\"@type\":\"ListItem\",\"@id\":\"https:\\\/\\\/www.karengrothe.dk#listItem\",\"position\":1,\"name\":\"Home\",\"item\":\"https:\\\/\\\/www.karengrothe.dk\",\"nextItem\":{\"@type\":\"ListItem\",\"@id\":\"https:\\\/\\\/www.karengrothe.dk\\\/?cat=3#listItem\",\"name\":\"nyheder\"}},{\"@type\":\"ListItem\",\"@id\":\"https:\\\/\\\/www.karengrothe.dk\\\/?cat=3#listItem\",\"position\":2,\"name\":\"nyheder\",\"item\":\"https:\\\/\\\/www.karengrothe.dk\\\/?cat=3\",\"nextItem\":{\"@type\":\"ListItem\",\"@id\":\"https:\\\/\\\/www.karengrothe.dk\\\/?p=390#listItem\",\"name\":\"H\\u00f8stmarked i Ribe\"},\"previousItem\":{\"@type\":\"ListItem\",\"@id\":\"https:\\\/\\\/www.karengrothe.dk#listItem\",\"name\":\"Home\"}},{\"@type\":\"ListItem\",\"@id\":\"https:\\\/\\\/www.karengrothe.dk\\\/?p=390#listItem\",\"position\":3,\"name\":\"H\\u00f8stmarked i Ribe\",\"previousItem\":{\"@type\":\"ListItem\",\"@id\":\"https:\\\/\\\/www.karengrothe.dk\\\/?cat=3#listItem\",\"name\":\"nyheder\"}}]},{\"@type\":\"Organization\",\"@id\":\"https:\\\/\\\/www.karengrothe.dk\\\/#organization\",\"name\":\"Karen M\\u00f8ller Grothe - karengrothe.dk\",\"description\":\"- forfatter og forlag\",\"url\":\"https:\\\/\\\/www.karengrothe.dk\\\/\",\"logo\":{\"@type\":\"ImageObject\",\"url\":\"https:\\\/\\\/www.karengrothe.dk\\\/wp-content\\\/uploads\\\/2017\\\/09\\\/karengrothe-lille-hvid.png\",\"@id\":\"https:\\\/\\\/www.karengrothe.dk\\\/?p=390\\\/#organizationLogo\",\"width\":375,\"height\":79},\"image\":{\"@id\":\"https:\\\/\\\/www.karengrothe.dk\\\/?p=390\\\/#organizationLogo\"}},{\"@type\":\"Person\",\"@id\":\"https:\\\/\\\/www.karengrothe.dk\\\/?author=2#author\",\"url\":\"https:\\\/\\\/www.karengrothe.dk\\\/?author=2\",\"name\":\"Karen M\\u00f8ller Grothe\",\"image\":{\"@type\":\"ImageObject\",\"@id\":\"https:\\\/\\\/www.karengrothe.dk\\\/?p=390#authorImage\",\"url\":\"https:\\\/\\\/secure.gravatar.com\\\/avatar\\\/603296c1357f80697f12d51c2467f81eaf72d31fa8477bb851b1ba5035abc1bb?s=96&d=mm&r=g\",\"width\":96,\"height\":96,\"caption\":\"Karen M\\u00f8ller Grothe\"}},{\"@type\":\"WebPage\",\"@id\":\"https:\\\/\\\/www.karengrothe.dk\\\/?p=390#webpage\",\"url\":\"https:\\\/\\\/www.karengrothe.dk\\\/?p=390\",\"name\":\"H\\u00f8stmarked i Ribe | Karen M\\u00f8ller Grothe - karengrothe.dk\",\"description\":\"Efter\\u00e5r, h\\u00f8st, 1. oktober - og sagt med en klich\\u00e9: Tiden flyver. Men den - tiden - bliver udnyttet. P\\u00e5 l\\u00f8rdag og s\\u00f8ndag holder Ribe h\\u00f8stmarked og mange kunsth\\u00e5ndv\\u00e6rkere er aktive i hele byen. I den gamle Toldbod ved siden af Quedens G\\u00e5rd st\\u00e5r jeg sammen med Henriette Guld fra Havervadg\\u00e5rd. Vi tilbyder garn og strik\",\"inLanguage\":\"da-DK\",\"isPartOf\":{\"@id\":\"https:\\\/\\\/www.karengrothe.dk\\\/#website\"},\"breadcrumb\":{\"@id\":\"https:\\\/\\\/www.karengrothe.dk\\\/?p=390#breadcrumblist\"},\"author\":{\"@id\":\"https:\\\/\\\/www.karengrothe.dk\\\/?author=2#author\"},\"creator\":{\"@id\":\"https:\\\/\\\/www.karengrothe.dk\\\/?author=2#author\"},\"datePublished\":\"2015-10-01T09:12:50+00:00\",\"dateModified\":\"2015-10-01T09:19:44+00:00\"},{\"@type\":\"WebSite\",\"@id\":\"https:\\\/\\\/www.karengrothe.dk\\\/#website\",\"url\":\"https:\\\/\\\/www.karengrothe.dk\\\/\",\"name\":\"Karen M\\u00f8ller Grothe - karengrothe.dk\",\"description\":\"- forfatter og forlag\",\"inLanguage\":\"da-DK\",\"publisher\":{\"@id\":\"https:\\\/\\\/www.karengrothe.dk\\\/#organization\"}}]}\n\t\t<\/script>\n\t\t<!-- All in One SEO -->\n\n","aioseo_head_json":{"title":"H\u00f8stmarked i Ribe | Karen M\u00f8ller Grothe - karengrothe.dk","description":"Efter\u00e5r, h\u00f8st, 1. oktober - og sagt med en klich\u00e9: Tiden flyver. Men den - tiden - bliver udnyttet. P\u00e5 l\u00f8rdag og s\u00f8ndag holder Ribe h\u00f8stmarked og mange kunsth\u00e5ndv\u00e6rkere er aktive i hele byen. I den gamle Toldbod ved siden af Quedens G\u00e5rd st\u00e5r jeg sammen med Henriette Guld fra Havervadg\u00e5rd. Vi tilbyder garn og strik","canonical_url":"https:\/\/www.karengrothe.dk\/?p=390","robots":"max-image-preview:large","keywords":"","webmasterTools":{"miscellaneous":""},"schema":{"@context":"https:\/\/schema.org","@graph":[{"@type":"Article","@id":"https:\/\/www.karengrothe.dk\/?p=390#article","name":"H\u00f8stmarked i Ribe | Karen M\u00f8ller Grothe - karengrothe.dk","headline":"H\u00f8stmarked i Ribe","author":{"@id":"https:\/\/www.karengrothe.dk\/?author=2#author"},"publisher":{"@id":"https:\/\/www.karengrothe.dk\/#organization"},"image":{"@type":"ImageObject","url":"https:\/\/www.karengrothe.dk\/wp-content\/uploads\/2015\/04\/3-b\u00f8ger-i-vifte.png","@id":"https:\/\/www.karengrothe.dk\/?p=390\/#articleImage","width":823,"height":444},"datePublished":"2015-10-01T09:12:50+00:00","dateModified":"2015-10-01T09:19:44+00:00","inLanguage":"da-DK","mainEntityOfPage":{"@id":"https:\/\/www.karengrothe.dk\/?p=390#webpage"},"isPartOf":{"@id":"https:\/\/www.karengrothe.dk\/?p=390#webpage"},"articleSection":"nyheder"},{"@type":"BreadcrumbList","@id":"https:\/\/www.karengrothe.dk\/?p=390#breadcrumblist","itemListElement":[{"@type":"ListItem","@id":"https:\/\/www.karengrothe.dk#listItem","position":1,"name":"Home","item":"https:\/\/www.karengrothe.dk","nextItem":{"@type":"ListItem","@id":"https:\/\/www.karengrothe.dk\/?cat=3#listItem","name":"nyheder"}},{"@type":"ListItem","@id":"https:\/\/www.karengrothe.dk\/?cat=3#listItem","position":2,"name":"nyheder","item":"https:\/\/www.karengrothe.dk\/?cat=3","nextItem":{"@type":"ListItem","@id":"https:\/\/www.karengrothe.dk\/?p=390#listItem","name":"H\u00f8stmarked i Ribe"},"previousItem":{"@type":"ListItem","@id":"https:\/\/www.karengrothe.dk#listItem","name":"Home"}},{"@type":"ListItem","@id":"https:\/\/www.karengrothe.dk\/?p=390#listItem","position":3,"name":"H\u00f8stmarked i Ribe","previousItem":{"@type":"ListItem","@id":"https:\/\/www.karengrothe.dk\/?cat=3#listItem","name":"nyheder"}}]},{"@type":"Organization","@id":"https:\/\/www.karengrothe.dk\/#organization","name":"Karen M\u00f8ller Grothe - karengrothe.dk","description":"- forfatter og forlag","url":"https:\/\/www.karengrothe.dk\/","logo":{"@type":"ImageObject","url":"https:\/\/www.karengrothe.dk\/wp-content\/uploads\/2017\/09\/karengrothe-lille-hvid.png","@id":"https:\/\/www.karengrothe.dk\/?p=390\/#organizationLogo","width":375,"height":79},"image":{"@id":"https:\/\/www.karengrothe.dk\/?p=390\/#organizationLogo"}},{"@type":"Person","@id":"https:\/\/www.karengrothe.dk\/?author=2#author","url":"https:\/\/www.karengrothe.dk\/?author=2","name":"Karen M\u00f8ller Grothe","image":{"@type":"ImageObject","@id":"https:\/\/www.karengrothe.dk\/?p=390#authorImage","url":"https:\/\/secure.gravatar.com\/avatar\/603296c1357f80697f12d51c2467f81eaf72d31fa8477bb851b1ba5035abc1bb?s=96&d=mm&r=g","width":96,"height":96,"caption":"Karen M\u00f8ller Grothe"}},{"@type":"WebPage","@id":"https:\/\/www.karengrothe.dk\/?p=390#webpage","url":"https:\/\/www.karengrothe.dk\/?p=390","name":"H\u00f8stmarked i Ribe | Karen M\u00f8ller Grothe - karengrothe.dk","description":"Efter\u00e5r, h\u00f8st, 1. oktober - og sagt med en klich\u00e9: Tiden flyver. Men den - tiden - bliver udnyttet. P\u00e5 l\u00f8rdag og s\u00f8ndag holder Ribe h\u00f8stmarked og mange kunsth\u00e5ndv\u00e6rkere er aktive i hele byen. I den gamle Toldbod ved siden af Quedens G\u00e5rd st\u00e5r jeg sammen med Henriette Guld fra Havervadg\u00e5rd. Vi tilbyder garn og strik","inLanguage":"da-DK","isPartOf":{"@id":"https:\/\/www.karengrothe.dk\/#website"},"breadcrumb":{"@id":"https:\/\/www.karengrothe.dk\/?p=390#breadcrumblist"},"author":{"@id":"https:\/\/www.karengrothe.dk\/?author=2#author"},"creator":{"@id":"https:\/\/www.karengrothe.dk\/?author=2#author"},"datePublished":"2015-10-01T09:12:50+00:00","dateModified":"2015-10-01T09:19:44+00:00"},{"@type":"WebSite","@id":"https:\/\/www.karengrothe.dk\/#website","url":"https:\/\/www.karengrothe.dk\/","name":"Karen M\u00f8ller Grothe - karengrothe.dk","description":"- forfatter og forlag","inLanguage":"da-DK","publisher":{"@id":"https:\/\/www.karengrothe.dk\/#organization"}}]},"og:locale":"da_DK","og:site_name":"Karen M\u00f8ller Grothe - karengrothe.dk | - forfatter og forlag","og:type":"article","og:title":"H\u00f8stmarked i Ribe | Karen M\u00f8ller Grothe - karengrothe.dk","og:description":"Efter\u00e5r, h\u00f8st, 1. oktober - og sagt med en klich\u00e9: Tiden flyver. Men den - tiden - bliver udnyttet. P\u00e5 l\u00f8rdag og s\u00f8ndag holder Ribe h\u00f8stmarked og mange kunsth\u00e5ndv\u00e6rkere er aktive i hele byen. I den gamle Toldbod ved siden af Quedens G\u00e5rd st\u00e5r jeg sammen med Henriette Guld fra Havervadg\u00e5rd. Vi tilbyder garn og strik","og:url":"https:\/\/www.karengrothe.dk\/?p=390","og:image":"https:\/\/www.karengrothe.dk\/wp-content\/uploads\/2017\/09\/karengrothe-lille-hvid.png","og:image:secure_url":"https:\/\/www.karengrothe.dk\/wp-content\/uploads\/2017\/09\/karengrothe-lille-hvid.png","article:published_time":"2015-10-01T09:12:50+00:00","article:modified_time":"2015-10-01T09:19:44+00:00","twitter:card":"summary","twitter:title":"H\u00f8stmarked i Ribe | Karen M\u00f8ller Grothe - karengrothe.dk","twitter:description":"Efter\u00e5r, h\u00f8st, 1. oktober - og sagt med en klich\u00e9: Tiden flyver. Men den - tiden - bliver udnyttet. P\u00e5 l\u00f8rdag og s\u00f8ndag holder Ribe h\u00f8stmarked og mange kunsth\u00e5ndv\u00e6rkere er aktive i hele byen. I den gamle Toldbod ved siden af Quedens G\u00e5rd st\u00e5r jeg sammen med Henriette Guld fra Havervadg\u00e5rd. Vi tilbyder garn og strik","twitter:image":"https:\/\/www.karengrothe.dk\/wp-content\/uploads\/2017\/09\/karengrothe-lille-hvid.png"},"aioseo_meta_data":{"post_id":"390","title":null,"description":null,"keywords":null,"keyphrases":null,"primary_term":null,"canonical_url":null,"og_title":null,"og_description":null,"og_object_type":"default","og_image_type":"default","og_image_url":null,"og_image_width":null,"og_image_height":null,"og_image_custom_url":null,"og_image_custom_fields":null,"og_video":null,"og_custom_url":null,"og_article_section":null,"og_article_tags":null,"twitter_use_og":false,"twitter_card":"default","twitter_image_type":"default","twitter_image_url":null,"twitter_image_custom_url":null,"twitter_image_custom_fields":null,"twitter_title":null,"twitter_description":null,"schema":{"blockGraphs":[],"customGraphs":[],"default":{"data":{"Article":[],"Course":[],"Dataset":[],"FAQPage":[],"Movie":[],"Person":[],"Product":[],"ProductReview":[],"Car":[],"Recipe":[],"Service":[],"SoftwareApplication":[],"WebPage":[]},"graphName":"","isEnabled":true},"graphs":[]},"schema_type":null,"schema_type_options":null,"pillar_content":false,"robots_default":true,"robots_noindex":false,"robots_noarchive":false,"robots_nosnippet":false,"robots_nofollow":false,"robots_noimageindex":false,"robots_noodp":false,"robots_notranslate":false,"robots_max_snippet":null,"robots_max_videopreview":null,"robots_max_imagepreview":"large","priority":null,"frequency":null,"local_seo":null,"breadcrumb_settings":null,"limit_modified_date":false,"ai":null,"created":"2020-12-21 09:20:00","updated":"2025-06-05 06:34:52","seo_analyzer_scan_date":null,"focus_keyword":null,"additional_keywords":null,"truseo_locale":null},"aioseo_breadcrumb":"<div class=\"aioseo-breadcrumbs\"><span class=\"aioseo-breadcrumb\">\n\t\t\t<a href=\"https:\/\/www.karengrothe.dk\" title=\"Home\">Home<\/a>\n\t\t<\/span><span class=\"aioseo-breadcrumb-separator\">&raquo;<\/span><span class=\"aioseo-breadcrumb\">\n\t\t\t<a href=\"https:\/\/www.karengrothe.dk\/?cat=3\" title=\"nyheder\">nyheder<\/a>\n\t\t<\/span><span class=\"aioseo-breadcrumb-separator\">&raquo;<\/span><span class=\"aioseo-breadcrumb\">\n\t\t\tH\u00f8stmarked i Ribe\n\t\t<\/span><\/div>","aioseo_breadcrumb_json":[{"label":"Home","link":"https:\/\/www.karengrothe.dk"},{"label":"nyheder","link":"https:\/\/www.karengrothe.dk\/?cat=3"},{"label":"H\u00f8stmarked i Ribe","link":"https:\/\/www.karengrothe.dk\/?p=390"}],"publishpress_future_action":{"enabled":false,"date":"2026-09-09 01:34:18","action":"change-status","newStatus":"draft","terms":[],"taxonomy":"category","extraData":[]},"publishpress_future_workflow_manual_trigger":{"enabledWorkflows":[]},"_links":{"self":[{"href":"https:\/\/www.karengrothe.dk\/index.php?rest_route=\/wp\/v2\/posts\/390","targetHints":{"allow":["GET"]}}],"collection":[{"href":"https:\/\/www.karengrothe.dk\/index.php?rest_route=\/wp\/v2\/posts"}],"about":[{"href":"https:\/\/www.karengrothe.dk\/index.php?rest_route=\/wp\/v2\/types\/post"}],"author":[{"embeddable":true,"href":"https:\/\/www.karengrothe.dk\/index.php?rest_route=\/wp\/v2\/users\/2"}],"replies":[{"embeddable":true,"href":"https:\/\/www.karengrothe.dk\/index.php?rest_route=%2Fwp%2Fv2%2Fcomments&post=390"}],"version-history":[{"count":7,"href":"https:\/\/www.karengrothe.dk\/index.php?rest_route=\/wp\/v2\/posts\/390\/revisions"}],"predecessor-version":[{"id":399,"href":"https:\/\/www.karengrothe.dk\/index.php?rest_route=\/wp\/v2\/posts\/390\/revisions\/399"}],"wp:attachment":[{"href":"https:\/\/www.karengrothe.dk\/index.php?rest_route=%2Fwp%2Fv2%2Fmedia&parent=390"}],"wp:term":[{"taxonomy":"category","embeddable":true,"href":"https:\/\/www.karengrothe.dk\/index.php?rest_route=%2Fwp%2Fv2%2Fcategories&post=390"},{"taxonomy":"post_tag","embeddable":true,"href":"https:\/\/www.karengrothe.dk\/index.php?rest_route=%2Fwp%2Fv2%2Ftags&post=390"}],"curies":[{"name":"wp","href":"https:\/\/api.w.org\/{rel}","templated":true}]}}