{"id":467,"date":"2017-02-19T15:37:58","date_gmt":"2017-02-19T15:37:58","guid":{"rendered":"http:\/\/www.karengrothe.dk\/?p=467"},"modified":"2022-01-19T15:01:42","modified_gmt":"2022-01-19T15:01:42","slug":"omtale-paa-www-jv-dk","status":"publish","type":"post","link":"https:\/\/www.karengrothe.dk\/?p=467","title":{"rendered":"Omtale p\u00e5 www.jv.dk"},"content":{"rendered":"<p>Journalist Martin Franciere p\u00e5 JydskeVestkysten tog positivt imod pressemeddelelse om Forlag karengrothe.dk<\/p>\n<h2><strong>Forfatter sl\u00e5r sig ned som forl\u00e6gger <\/strong><\/h2>\n<p>AF: MARTIN FRANCIERE<\/p>\n<p>Publiceret 15. februar 2017 kl. 12:11<\/p>\n<p><a href=\"http:\/\/www.karengrothe.dk\/wp-content\/uploads\/2017\/02\/Karen-i-JV.png\"><img loading=\"lazy\" decoding=\"async\" class=\"alignleft wp-image-474 size-medium\" src=\"http:\/\/www.karengrothe.dk\/wp-content\/uploads\/2017\/02\/Karen-i-JV-300x189.png\" alt=\"\" width=\"300\" height=\"189\" srcset=\"https:\/\/www.karengrothe.dk\/wp-content\/uploads\/2017\/02\/Karen-i-JV-300x189.png 300w, https:\/\/www.karengrothe.dk\/wp-content\/uploads\/2017\/02\/Karen-i-JV-476x300.png 476w, https:\/\/www.karengrothe.dk\/wp-content\/uploads\/2017\/02\/Karen-i-JV.png 596w\" sizes=\"auto, (max-width: 300px) 100vw, 300px\" \/><\/a><\/p>\n<p><u>&nbsp;<\/u><\/p>\n<p>&nbsp;<\/p>\n<p>&nbsp;<\/p>\n<p>&nbsp;<\/p>\n<p>&nbsp;<\/p>\n<p>&nbsp;<\/p>\n<p>Karen Grothe har tidligere udgivet b\u00f8rneb\u00f8ger og nu er hun ogs\u00e5 forl\u00e6gger. Seneste udgivelse Arven og andre noveller er netop trykt.Arkivfoto: HCG<\/p>\n<p>Forfatteren Karen M\u00f8ller Grothe, Ballum, kan nu tilf\u00f8je titlen&nbsp;&#8220;forl\u00e6gger&#8221; p\u00e5 sit visitkort.<\/p>\n<p>I en pressemeddelelse skriver hun, at hun har stiftet nyt forlag. Forlaget med navnet karengrothe.dk har allerede udgivet den f\u00f8rste novellesamling best\u00e5ende af 24 af Karen Grothes egne og meget forskellige historier.<\/p>\n<p>Karen Grothe udgav i 2014 og 2015 triologien Heksens B\u00f8rn, som kan l\u00e6ses af b\u00e5de b\u00f8rn og voksne. Triologien bestod af Den fremmede, Stormfloden og Krigen.<\/p>\n<p>Det nye forlag er oprettet som en personligt ejet, mindre virksomhed, og firmaet vil besk\u00e6ftige sig med sm\u00e5 udgivelser i mindre oplag, hedder det i meddelelsen.<\/p>\n<p>Den f\u00f8rste novellesamling med navnet Arven indeholder 24 historier, der med forfatterens egne ord rummer plads til b\u00e5de glimt i \u00f8jet og mere alvorlige historier om menneskers ensomhed. Der er ogs\u00e5 fundet plads til en historiske krimi og den n\u00e6sten rigtige beretning om katten, der blev sp\u00e6rret inde.<\/p>\n<p>Karen Grothe er uddannet l\u00e6rer og stammer fra Ribe.<\/p>\n<p>&nbsp;<\/p>\n","protected":false},"excerpt":{"rendered":"<p>Journalist Martin Franciere p\u00e5 JydskeVestkysten tog positivt imod pressemeddelelse om Forlag karengrothe.dk Forfatter sl\u00e5r sig ned som forl\u00e6gger AF: MARTIN FRANCIERE Publiceret 15. februar 2017 kl. 12:11 &nbsp; &nbsp; &nbsp; &nbsp; &nbsp; &nbsp; Karen Grothe har tidligere udgivet b\u00f8rneb\u00f8ger og nu er hun ogs\u00e5 forl\u00e6gger. Seneste udgivelse Arven og andre <span class=\"excerpt-dots\">&hellip;<\/span> <a class=\"more-link\" href=\"https:\/\/www.karengrothe.dk\/?p=467\"><span class=\"more-msg\">L\u00e6s resten &rarr;<\/span><\/a><\/p>\n","protected":false},"author":2,"featured_media":0,"comment_status":"closed","ping_status":"open","sticky":false,"template":"","format":"standard","meta":{"footnotes":""},"categories":[27,28,3],"tags":[],"class_list":["post-467","post","type-post","status-publish","format-standard","hentry","category-forlag","category-forsiden","category-nyheder"],"aioseo_notices":[],"aioseo_head":"\n\t\t<!-- All in One SEO 5.0.1.1 - aioseo.com -->\n\t<meta name=\"description\" content=\"Journalist Martin Franciere p\u00e5 JydskeVestkysten tog positivt imod pressemeddelelse om Forlag karengrothe.dk Forfatter sl\u00e5r sig ned som forl\u00e6gger AF: MARTIN FRANCIERE Publiceret 15. februar 2017 kl. 12:11 Karen Grothe har tidligere udgivet b\u00f8rneb\u00f8ger og nu er hun ogs\u00e5 forl\u00e6gger. Seneste udgivelse Arven og andre noveller er netop trykt.Arkivfoto: HCG\" \/>\n\t<meta name=\"robots\" content=\"max-image-preview:large\" \/>\n\t<meta name=\"author\" content=\"Karen M\u00f8ller Grothe\"\/>\n\t<link rel=\"canonical\" href=\"https:\/\/www.karengrothe.dk\/?p=467\" \/>\n\t<meta name=\"generator\" content=\"All in One SEO (AIOSEO) 5.0.1.1\" \/>\n\t\t<meta property=\"og:locale\" content=\"da_DK\" \/>\n\t\t<meta property=\"og:site_name\" content=\"Karen M\u00f8ller Grothe - karengrothe.dk | - forfatter og forlag\" \/>\n\t\t<meta property=\"og:type\" content=\"article\" \/>\n\t\t<meta property=\"og:title\" content=\"Omtale p\u00e5 www.jv.dk | Karen M\u00f8ller Grothe - karengrothe.dk\" \/>\n\t\t<meta property=\"og:description\" content=\"Journalist Martin Franciere p\u00e5 JydskeVestkysten tog positivt imod pressemeddelelse om Forlag karengrothe.dk Forfatter sl\u00e5r sig ned som forl\u00e6gger AF: MARTIN FRANCIERE Publiceret 15. februar 2017 kl. 12:11 Karen Grothe har tidligere udgivet b\u00f8rneb\u00f8ger og nu er hun ogs\u00e5 forl\u00e6gger. Seneste udgivelse Arven og andre noveller er netop trykt.Arkivfoto: HCG\" \/>\n\t\t<meta property=\"og:url\" content=\"https:\/\/www.karengrothe.dk\/?p=467\" \/>\n\t\t<meta property=\"og:image\" content=\"https:\/\/www.karengrothe.dk\/wp-content\/uploads\/2017\/09\/karengrothe-lille-hvid.png\" \/>\n\t\t<meta property=\"og:image:secure_url\" content=\"https:\/\/www.karengrothe.dk\/wp-content\/uploads\/2017\/09\/karengrothe-lille-hvid.png\" \/>\n\t\t<meta property=\"article:published_time\" content=\"2017-02-19T15:37:58+00:00\" \/>\n\t\t<meta property=\"article:modified_time\" content=\"2022-01-19T15:01:42+00:00\" \/>\n\t\t<meta name=\"twitter:card\" content=\"summary\" \/>\n\t\t<meta name=\"twitter:title\" content=\"Omtale p\u00e5 www.jv.dk | Karen M\u00f8ller Grothe - karengrothe.dk\" \/>\n\t\t<meta name=\"twitter:description\" content=\"Journalist Martin Franciere p\u00e5 JydskeVestkysten tog positivt imod pressemeddelelse om Forlag karengrothe.dk Forfatter sl\u00e5r sig ned som forl\u00e6gger AF: MARTIN FRANCIERE Publiceret 15. februar 2017 kl. 12:11 Karen Grothe har tidligere udgivet b\u00f8rneb\u00f8ger og nu er hun ogs\u00e5 forl\u00e6gger. Seneste udgivelse Arven og andre noveller er netop trykt.Arkivfoto: HCG\" \/>\n\t\t<meta name=\"twitter:image\" content=\"https:\/\/www.karengrothe.dk\/wp-content\/uploads\/2017\/09\/karengrothe-lille-hvid.png\" \/>\n\t\t<script type=\"application\/ld+json\" class=\"aioseo-schema\">\n\t\t\t{\"@context\":\"https:\\\/\\\/schema.org\",\"@graph\":[{\"@type\":\"Article\",\"@id\":\"https:\\\/\\\/www.karengrothe.dk\\\/?p=467#article\",\"name\":\"Omtale p\\u00e5 www.jv.dk | Karen M\\u00f8ller Grothe - karengrothe.dk\",\"headline\":\"Omtale p\\u00e5 www.jv.dk\",\"author\":{\"@id\":\"https:\\\/\\\/www.karengrothe.dk\\\/?author=2#author\"},\"publisher\":{\"@id\":\"https:\\\/\\\/www.karengrothe.dk\\\/#organization\"},\"image\":{\"@type\":\"ImageObject\",\"url\":\"https:\\\/\\\/www.karengrothe.dk\\\/wp-content\\\/uploads\\\/2017\\\/02\\\/Karen-i-JV.png\",\"@id\":\"https:\\\/\\\/www.karengrothe.dk\\\/?p=467\\\/#articleImage\",\"width\":596,\"height\":376},\"datePublished\":\"2017-02-19T15:37:58+00:00\",\"dateModified\":\"2022-01-19T15:01:42+00:00\",\"inLanguage\":\"da-DK\",\"mainEntityOfPage\":{\"@id\":\"https:\\\/\\\/www.karengrothe.dk\\\/?p=467#webpage\"},\"isPartOf\":{\"@id\":\"https:\\\/\\\/www.karengrothe.dk\\\/?p=467#webpage\"},\"articleSection\":\"forlag, forsiden, nyheder\"},{\"@type\":\"BreadcrumbList\",\"@id\":\"https:\\\/\\\/www.karengrothe.dk\\\/?p=467#breadcrumblist\",\"itemListElement\":[{\"@type\":\"ListItem\",\"@id\":\"https:\\\/\\\/www.karengrothe.dk#listItem\",\"position\":1,\"name\":\"Home\",\"item\":\"https:\\\/\\\/www.karengrothe.dk\",\"nextItem\":{\"@type\":\"ListItem\",\"@id\":\"https:\\\/\\\/www.karengrothe.dk\\\/?cat=3#listItem\",\"name\":\"nyheder\"}},{\"@type\":\"ListItem\",\"@id\":\"https:\\\/\\\/www.karengrothe.dk\\\/?cat=3#listItem\",\"position\":2,\"name\":\"nyheder\",\"item\":\"https:\\\/\\\/www.karengrothe.dk\\\/?cat=3\",\"nextItem\":{\"@type\":\"ListItem\",\"@id\":\"https:\\\/\\\/www.karengrothe.dk\\\/?p=467#listItem\",\"name\":\"Omtale p\\u00e5 www.jv.dk\"},\"previousItem\":{\"@type\":\"ListItem\",\"@id\":\"https:\\\/\\\/www.karengrothe.dk#listItem\",\"name\":\"Home\"}},{\"@type\":\"ListItem\",\"@id\":\"https:\\\/\\\/www.karengrothe.dk\\\/?p=467#listItem\",\"position\":3,\"name\":\"Omtale p\\u00e5 www.jv.dk\",\"previousItem\":{\"@type\":\"ListItem\",\"@id\":\"https:\\\/\\\/www.karengrothe.dk\\\/?cat=3#listItem\",\"name\":\"nyheder\"}}]},{\"@type\":\"Organization\",\"@id\":\"https:\\\/\\\/www.karengrothe.dk\\\/#organization\",\"name\":\"Karen M\\u00f8ller Grothe - karengrothe.dk\",\"description\":\"- forfatter og forlag\",\"url\":\"https:\\\/\\\/www.karengrothe.dk\\\/\",\"logo\":{\"@type\":\"ImageObject\",\"url\":\"https:\\\/\\\/www.karengrothe.dk\\\/wp-content\\\/uploads\\\/2017\\\/09\\\/karengrothe-lille-hvid.png\",\"@id\":\"https:\\\/\\\/www.karengrothe.dk\\\/?p=467\\\/#organizationLogo\",\"width\":375,\"height\":79},\"image\":{\"@id\":\"https:\\\/\\\/www.karengrothe.dk\\\/?p=467\\\/#organizationLogo\"}},{\"@type\":\"Person\",\"@id\":\"https:\\\/\\\/www.karengrothe.dk\\\/?author=2#author\",\"url\":\"https:\\\/\\\/www.karengrothe.dk\\\/?author=2\",\"name\":\"Karen M\\u00f8ller Grothe\",\"image\":{\"@type\":\"ImageObject\",\"@id\":\"https:\\\/\\\/www.karengrothe.dk\\\/?p=467#authorImage\",\"url\":\"https:\\\/\\\/secure.gravatar.com\\\/avatar\\\/603296c1357f80697f12d51c2467f81eaf72d31fa8477bb851b1ba5035abc1bb?s=96&d=mm&r=g\",\"width\":96,\"height\":96,\"caption\":\"Karen M\\u00f8ller Grothe\"}},{\"@type\":\"WebPage\",\"@id\":\"https:\\\/\\\/www.karengrothe.dk\\\/?p=467#webpage\",\"url\":\"https:\\\/\\\/www.karengrothe.dk\\\/?p=467\",\"name\":\"Omtale p\\u00e5 www.jv.dk | Karen M\\u00f8ller Grothe - karengrothe.dk\",\"description\":\"Journalist Martin Franciere p\\u00e5 JydskeVestkysten tog positivt imod pressemeddelelse om Forlag karengrothe.dk Forfatter sl\\u00e5r sig ned som forl\\u00e6gger AF: MARTIN FRANCIERE Publiceret 15. februar 2017 kl. 12:11 Karen Grothe har tidligere udgivet b\\u00f8rneb\\u00f8ger og nu er hun ogs\\u00e5 forl\\u00e6gger. Seneste udgivelse Arven og andre noveller er netop trykt.Arkivfoto: HCG\",\"inLanguage\":\"da-DK\",\"isPartOf\":{\"@id\":\"https:\\\/\\\/www.karengrothe.dk\\\/#website\"},\"breadcrumb\":{\"@id\":\"https:\\\/\\\/www.karengrothe.dk\\\/?p=467#breadcrumblist\"},\"author\":{\"@id\":\"https:\\\/\\\/www.karengrothe.dk\\\/?author=2#author\"},\"creator\":{\"@id\":\"https:\\\/\\\/www.karengrothe.dk\\\/?author=2#author\"},\"datePublished\":\"2017-02-19T15:37:58+00:00\",\"dateModified\":\"2022-01-19T15:01:42+00:00\"},{\"@type\":\"WebSite\",\"@id\":\"https:\\\/\\\/www.karengrothe.dk\\\/#website\",\"url\":\"https:\\\/\\\/www.karengrothe.dk\\\/\",\"name\":\"Karen M\\u00f8ller Grothe - karengrothe.dk\",\"description\":\"- forfatter og forlag\",\"inLanguage\":\"da-DK\",\"publisher\":{\"@id\":\"https:\\\/\\\/www.karengrothe.dk\\\/#organization\"}}]}\n\t\t<\/script>\n\t\t<!-- All in One SEO -->\n\n","aioseo_head_json":{"title":"Omtale p\u00e5 www.jv.dk | Karen M\u00f8ller Grothe - karengrothe.dk","description":"Journalist Martin Franciere p\u00e5 JydskeVestkysten tog positivt imod pressemeddelelse om Forlag karengrothe.dk Forfatter sl\u00e5r sig ned som forl\u00e6gger AF: MARTIN FRANCIERE Publiceret 15. februar 2017 kl. 12:11 Karen Grothe har tidligere udgivet b\u00f8rneb\u00f8ger og nu er hun ogs\u00e5 forl\u00e6gger. Seneste udgivelse Arven og andre noveller er netop trykt.Arkivfoto: HCG","canonical_url":"https:\/\/www.karengrothe.dk\/?p=467","robots":"max-image-preview:large","keywords":"","webmasterTools":{"miscellaneous":""},"schema":{"@context":"https:\/\/schema.org","@graph":[{"@type":"Article","@id":"https:\/\/www.karengrothe.dk\/?p=467#article","name":"Omtale p\u00e5 www.jv.dk | Karen M\u00f8ller Grothe - karengrothe.dk","headline":"Omtale p\u00e5 www.jv.dk","author":{"@id":"https:\/\/www.karengrothe.dk\/?author=2#author"},"publisher":{"@id":"https:\/\/www.karengrothe.dk\/#organization"},"image":{"@type":"ImageObject","url":"https:\/\/www.karengrothe.dk\/wp-content\/uploads\/2017\/02\/Karen-i-JV.png","@id":"https:\/\/www.karengrothe.dk\/?p=467\/#articleImage","width":596,"height":376},"datePublished":"2017-02-19T15:37:58+00:00","dateModified":"2022-01-19T15:01:42+00:00","inLanguage":"da-DK","mainEntityOfPage":{"@id":"https:\/\/www.karengrothe.dk\/?p=467#webpage"},"isPartOf":{"@id":"https:\/\/www.karengrothe.dk\/?p=467#webpage"},"articleSection":"forlag, forsiden, nyheder"},{"@type":"BreadcrumbList","@id":"https:\/\/www.karengrothe.dk\/?p=467#breadcrumblist","itemListElement":[{"@type":"ListItem","@id":"https:\/\/www.karengrothe.dk#listItem","position":1,"name":"Home","item":"https:\/\/www.karengrothe.dk","nextItem":{"@type":"ListItem","@id":"https:\/\/www.karengrothe.dk\/?cat=3#listItem","name":"nyheder"}},{"@type":"ListItem","@id":"https:\/\/www.karengrothe.dk\/?cat=3#listItem","position":2,"name":"nyheder","item":"https:\/\/www.karengrothe.dk\/?cat=3","nextItem":{"@type":"ListItem","@id":"https:\/\/www.karengrothe.dk\/?p=467#listItem","name":"Omtale p\u00e5 www.jv.dk"},"previousItem":{"@type":"ListItem","@id":"https:\/\/www.karengrothe.dk#listItem","name":"Home"}},{"@type":"ListItem","@id":"https:\/\/www.karengrothe.dk\/?p=467#listItem","position":3,"name":"Omtale p\u00e5 www.jv.dk","previousItem":{"@type":"ListItem","@id":"https:\/\/www.karengrothe.dk\/?cat=3#listItem","name":"nyheder"}}]},{"@type":"Organization","@id":"https:\/\/www.karengrothe.dk\/#organization","name":"Karen M\u00f8ller Grothe - karengrothe.dk","description":"- forfatter og forlag","url":"https:\/\/www.karengrothe.dk\/","logo":{"@type":"ImageObject","url":"https:\/\/www.karengrothe.dk\/wp-content\/uploads\/2017\/09\/karengrothe-lille-hvid.png","@id":"https:\/\/www.karengrothe.dk\/?p=467\/#organizationLogo","width":375,"height":79},"image":{"@id":"https:\/\/www.karengrothe.dk\/?p=467\/#organizationLogo"}},{"@type":"Person","@id":"https:\/\/www.karengrothe.dk\/?author=2#author","url":"https:\/\/www.karengrothe.dk\/?author=2","name":"Karen M\u00f8ller Grothe","image":{"@type":"ImageObject","@id":"https:\/\/www.karengrothe.dk\/?p=467#authorImage","url":"https:\/\/secure.gravatar.com\/avatar\/603296c1357f80697f12d51c2467f81eaf72d31fa8477bb851b1ba5035abc1bb?s=96&d=mm&r=g","width":96,"height":96,"caption":"Karen M\u00f8ller Grothe"}},{"@type":"WebPage","@id":"https:\/\/www.karengrothe.dk\/?p=467#webpage","url":"https:\/\/www.karengrothe.dk\/?p=467","name":"Omtale p\u00e5 www.jv.dk | Karen M\u00f8ller Grothe - karengrothe.dk","description":"Journalist Martin Franciere p\u00e5 JydskeVestkysten tog positivt imod pressemeddelelse om Forlag karengrothe.dk Forfatter sl\u00e5r sig ned som forl\u00e6gger AF: MARTIN FRANCIERE Publiceret 15. februar 2017 kl. 12:11 Karen Grothe har tidligere udgivet b\u00f8rneb\u00f8ger og nu er hun ogs\u00e5 forl\u00e6gger. Seneste udgivelse Arven og andre noveller er netop trykt.Arkivfoto: HCG","inLanguage":"da-DK","isPartOf":{"@id":"https:\/\/www.karengrothe.dk\/#website"},"breadcrumb":{"@id":"https:\/\/www.karengrothe.dk\/?p=467#breadcrumblist"},"author":{"@id":"https:\/\/www.karengrothe.dk\/?author=2#author"},"creator":{"@id":"https:\/\/www.karengrothe.dk\/?author=2#author"},"datePublished":"2017-02-19T15:37:58+00:00","dateModified":"2022-01-19T15:01:42+00:00"},{"@type":"WebSite","@id":"https:\/\/www.karengrothe.dk\/#website","url":"https:\/\/www.karengrothe.dk\/","name":"Karen M\u00f8ller Grothe - karengrothe.dk","description":"- forfatter og forlag","inLanguage":"da-DK","publisher":{"@id":"https:\/\/www.karengrothe.dk\/#organization"}}]},"og:locale":"da_DK","og:site_name":"Karen M\u00f8ller Grothe - karengrothe.dk | - forfatter og forlag","og:type":"article","og:title":"Omtale p\u00e5 www.jv.dk | Karen M\u00f8ller Grothe - karengrothe.dk","og:description":"Journalist Martin Franciere p\u00e5 JydskeVestkysten tog positivt imod pressemeddelelse om Forlag karengrothe.dk Forfatter sl\u00e5r sig ned som forl\u00e6gger AF: MARTIN FRANCIERE Publiceret 15. februar 2017 kl. 12:11 Karen Grothe har tidligere udgivet b\u00f8rneb\u00f8ger og nu er hun ogs\u00e5 forl\u00e6gger. Seneste udgivelse Arven og andre noveller er netop trykt.Arkivfoto: HCG","og:url":"https:\/\/www.karengrothe.dk\/?p=467","og:image":"https:\/\/www.karengrothe.dk\/wp-content\/uploads\/2017\/09\/karengrothe-lille-hvid.png","og:image:secure_url":"https:\/\/www.karengrothe.dk\/wp-content\/uploads\/2017\/09\/karengrothe-lille-hvid.png","article:published_time":"2017-02-19T15:37:58+00:00","article:modified_time":"2022-01-19T15:01:42+00:00","twitter:card":"summary","twitter:title":"Omtale p\u00e5 www.jv.dk | Karen M\u00f8ller Grothe - karengrothe.dk","twitter:description":"Journalist Martin Franciere p\u00e5 JydskeVestkysten tog positivt imod pressemeddelelse om Forlag karengrothe.dk Forfatter sl\u00e5r sig ned som forl\u00e6gger AF: MARTIN FRANCIERE Publiceret 15. februar 2017 kl. 12:11 Karen Grothe har tidligere udgivet b\u00f8rneb\u00f8ger og nu er hun ogs\u00e5 forl\u00e6gger. Seneste udgivelse Arven og andre noveller er netop trykt.Arkivfoto: HCG","twitter:image":"https:\/\/www.karengrothe.dk\/wp-content\/uploads\/2017\/09\/karengrothe-lille-hvid.png"},"aioseo_meta_data":{"post_id":"467","title":null,"description":null,"keywords":[],"keyphrases":{"focus":[],"additional":[]},"primary_term":null,"canonical_url":null,"og_title":null,"og_description":null,"og_object_type":"default","og_image_type":"default","og_image_url":null,"og_image_width":null,"og_image_height":null,"og_image_custom_url":null,"og_image_custom_fields":null,"og_video":"","og_custom_url":null,"og_article_section":null,"og_article_tags":[],"twitter_use_og":false,"twitter_card":"default","twitter_image_type":"default","twitter_image_url":null,"twitter_image_custom_url":null,"twitter_image_custom_fields":null,"twitter_title":null,"twitter_description":null,"schema":{"blockGraphs":[],"customGraphs":[],"default":{"data":{"Article":[],"Course":[],"Dataset":[],"FAQPage":[],"Movie":[],"Person":[],"Product":[],"ProductReview":[],"Car":[],"Recipe":[],"Service":[],"SoftwareApplication":[],"WebPage":[]},"graphName":"","isEnabled":true},"graphs":[],"defaultGraph":"Article","defaultPostTypeGraph":""},"schema_type":"default","schema_type_options":"{\"article\":{\"articleType\":\"BlogPosting\"},\"course\":{\"name\":\"\",\"description\":\"\",\"provider\":\"\"},\"faq\":{\"pages\":[]},\"product\":{\"reviews\":[]},\"recipe\":{\"ingredients\":[],\"instructions\":[],\"keywords\":[]},\"software\":{\"reviews\":[],\"operatingSystems\":[]},\"webPage\":{\"webPageType\":\"WebPage\"}}","pillar_content":false,"robots_default":true,"robots_noindex":false,"robots_noarchive":false,"robots_nosnippet":false,"robots_nofollow":false,"robots_noimageindex":false,"robots_noodp":false,"robots_notranslate":false,"robots_max_snippet":"-1","robots_max_videopreview":"-1","robots_max_imagepreview":"large","priority":null,"frequency":"default","local_seo":null,"breadcrumb_settings":null,"limit_modified_date":false,"ai":null,"created":"2020-12-21 09:20:00","updated":"2025-06-05 07:19:00","seo_analyzer_scan_date":null,"focus_keyword":null,"additional_keywords":null,"truseo_locale":null},"aioseo_breadcrumb":"<div class=\"aioseo-breadcrumbs\"><span class=\"aioseo-breadcrumb\">\n\t\t\t<a href=\"https:\/\/www.karengrothe.dk\" title=\"Home\">Home<\/a>\n\t\t<\/span><span class=\"aioseo-breadcrumb-separator\">&raquo;<\/span><span class=\"aioseo-breadcrumb\">\n\t\t\t<a href=\"https:\/\/www.karengrothe.dk\/?cat=3\" title=\"nyheder\">nyheder<\/a>\n\t\t<\/span><span class=\"aioseo-breadcrumb-separator\">&raquo;<\/span><span class=\"aioseo-breadcrumb\">\n\t\t\tOmtale p\u00e5 www.jv.dk\n\t\t<\/span><\/div>","aioseo_breadcrumb_json":[{"label":"Home","link":"https:\/\/www.karengrothe.dk"},{"label":"nyheder","link":"https:\/\/www.karengrothe.dk\/?cat=3"},{"label":"Omtale p\u00e5 www.jv.dk","link":"https:\/\/www.karengrothe.dk\/?p=467"}],"publishpress_future_action":{"enabled":false,"date":"2026-09-08 20:35:05","action":"change-status","newStatus":"draft","terms":[],"taxonomy":"category","extraData":[]},"publishpress_future_workflow_manual_trigger":{"enabledWorkflows":[]},"_links":{"self":[{"href":"https:\/\/www.karengrothe.dk\/index.php?rest_route=\/wp\/v2\/posts\/467","targetHints":{"allow":["GET"]}}],"collection":[{"href":"https:\/\/www.karengrothe.dk\/index.php?rest_route=\/wp\/v2\/posts"}],"about":[{"href":"https:\/\/www.karengrothe.dk\/index.php?rest_route=\/wp\/v2\/types\/post"}],"author":[{"embeddable":true,"href":"https:\/\/www.karengrothe.dk\/index.php?rest_route=\/wp\/v2\/users\/2"}],"replies":[{"embeddable":true,"href":"https:\/\/www.karengrothe.dk\/index.php?rest_route=%2Fwp%2Fv2%2Fcomments&post=467"}],"version-history":[{"count":5,"href":"https:\/\/www.karengrothe.dk\/index.php?rest_route=\/wp\/v2\/posts\/467\/revisions"}],"predecessor-version":[{"id":790,"href":"https:\/\/www.karengrothe.dk\/index.php?rest_route=\/wp\/v2\/posts\/467\/revisions\/790"}],"wp:attachment":[{"href":"https:\/\/www.karengrothe.dk\/index.php?rest_route=%2Fwp%2Fv2%2Fmedia&parent=467"}],"wp:term":[{"taxonomy":"category","embeddable":true,"href":"https:\/\/www.karengrothe.dk\/index.php?rest_route=%2Fwp%2Fv2%2Fcategories&post=467"},{"taxonomy":"post_tag","embeddable":true,"href":"https:\/\/www.karengrothe.dk\/index.php?rest_route=%2Fwp%2Fv2%2Ftags&post=467"}],"curies":[{"name":"wp","href":"https:\/\/api.w.org\/{rel}","templated":true}]}}